{"id":1173,"date":"2016-06-27T10:25:18","date_gmt":"2016-06-27T09:25:18","guid":{"rendered":"http:\/\/www.wandel-verlag.de\/?p=1173"},"modified":"2020-02-13T19:44:27","modified_gmt":"2020-02-13T18:44:27","slug":"der-flug-des-garuda-rezension-von-matthias-braeunig","status":"publish","type":"post","link":"https:\/\/www.wandel-verlag.de\/de\/der-flug-des-garuda-rezension-von-matthias-braeunig\/","title":{"rendered":"Der Flug des Garuda \u2013 Rezension von Matthias Braeunig"},"content":{"rendered":"<div title=\"Page 1\">\n<div>\n<div>\n<div id=\"attachment_952\" style=\"width: 221px\" class=\"wp-caption alignleft\"><a href=\"https:\/\/www.wandel-verlag.de\/wp-content\/uploads\/Garuda_Cover_Front_web.jpg\"><img loading=\"lazy\" decoding=\"async\" aria-describedby=\"caption-attachment-952\" class=\"size-medium wp-image-952\" alt=\"Der Flug des Garuda Titelbild\" src=\"https:\/\/www.wandel-verlag.de\/wp-content\/uploads\/Garuda_Cover_Front_web-211x300.jpg\" width=\"211\" height=\"300\" srcset=\"https:\/\/www.wandel-verlag.de\/wp-content\/uploads\/Garuda_Cover_Front_web-211x300.jpg 211w, https:\/\/www.wandel-verlag.de\/wp-content\/uploads\/Garuda_Cover_Front_web-105x150.jpg 105w, https:\/\/www.wandel-verlag.de\/wp-content\/uploads\/Garuda_Cover_Front_web-125x177.jpg 125w, https:\/\/www.wandel-verlag.de\/wp-content\/uploads\/Garuda_Cover_Front_web.jpg 410w\" sizes=\"auto, (max-width: 211px) 100vw, 211px\" \/><\/a><p id=\"caption-attachment-952\" class=\"wp-caption-text\">Der Flug des Garuda Titelbild<\/p><\/div>\n<p>Dies ist die zweite, u\u0308berarbeitete und um einen zus\u00e4tzlichen Text erweiterte Ausgabe eines f\u00fcr l\u00e4ngere Zeit vergriffenen Buches. Als es in seiner ersten Fassung 1982 erschien, war es eine Offenbarung, da zu jener Zeit erst wenige Texte, die die nicht-duale Sichtweise des Dzogchen ausdr\u00fccken, in westlichen Sprachen verf\u00fcgbar waren. Zwar hatten die Sch\u00fcler einiger bekannter tibetischer Meister zu deren niedergeschriebenen Unterweisungen Zugang, doch au\u00dferhalb dieser Zirkel gab es nur wenige klassische Originale. &#8220;Der Flug des Garuda&#8221; von Shabkar Lama \u2013 einem tibetischen, vagabundierenden Yogi des ausgehenden achtzehnten Jahrhunderts \u2013 von dem diese Sammlung ihren Titel hat, war einer dieser als geheim geltenden Texte. Er hat das Potenzial seinen Leser, den Yogi oder die Yogini mit gutem Karma, in einer kreativen Vision spontan zu erleuchten. Der verborgene Sinn dieser dreiundzwanzig Vajra-Lieder mag unsere eigene, innewohnende Kraft zur Selbsterweckung anregen, indem wir fu\u0308r seine Inspirationen empf\u00e4nglich werden und die gewohnheitsm\u00e4\u00dfigen Schleier der diskursiven Gedanken und verwirrten Emotionen einmal beiseite treten. Dass dieses Buch nun wieder verf\u00fcgbar ist und sogar um einen wichtigen fu\u0308nften Text erweitert wurde, kann als Gl\u00fccksfall bezeichnet werden.<\/p>\n<p>Es ist in erster Linie Keith Dowman, dem Englischen U\u0308bersetzer und Autor zu verdanken, dass dieser Schatz an Weisheiten und Inspiration einem gr\u00f6\u00dferen Publikum zug\u00e4nglich gemacht wurde, und umso mehr, als er diese zweite Ausgabe erm\u00f6glicht hat. Auch wenn er anfangs daf\u00fcr von einigen \u201eH\u00fctern der reinen Lehre\u201c gescholten und von anderen geschm\u00e4ht wurde, so hat er doch die Zeichen der Zeit erkannt, dass mit der fortschreitenden Globalisierung und explosionsartig anwachsendem technischen Verf\u00fcgungswissen die innere Orientierung auf spirituelle Werte nicht auf der Strecke bleiben darf, um diesen Planeten zu retten oder auch das eigene Heilsein zu bewahren. So gibt der U\u0308bersetzer jedem Text eine eigene Einf\u00fchrung mit, die es in sich hat: Sie f\u00fchrt nicht nur in die tibetisch-buddhistische Mystik und spezifische Begrifflichkeit ein, sondern leitet den Leser auch an, wie die Texte aufzufassen und zu verdauen sind, indem er den Kontext f\u00fcr ihr Verst\u00e4ndnis liefert. Die ein oder andere Ausdrucksweise ist f\u00fcr den Neuling auf diesem Gebiet sicher oft genauso hilfreich wie der nachfolgende Dzogchen-Text selbst.<\/p>\n<p>Shabkars Haupttext, Flug des Garuda, der mit der Einleitung etwa die H\u00e4lfte des Buches ausmacht, wird umrahmt und erg\u00e4nzt von k\u00fcrzeren Inspirationstexten, die von nicht weniger illustren Autoren stammen. Dem Garuda vorangestellt ist der Text \u201eDie Tiefen der H\u00f6lle ausleeren\u201c von Guru Chowang. Er ist Teil eines Bekenntnisrituals und eine tiefe Reinigung des Geistes von unabsichtlichen Fehlern. Der dem Garuda nachfolgende Schatztext \u201eDas wunscherf\u00fcllende Gebet von Kuntu Zangpo\u201c vom Tert\u00f6n Rigdzin Godem ist eine starke Meditation, die direkt ins Herz der selbst-referenziellen Buddhadynamik f\u00fchrt. Die \u201eGeheime Anweisung in einem Kranz der Sichtweisen\u201c von Guru Rinpoche Padmasambhava selbst verfasst, leitet den Leser durch die neun Yanas zur h\u00f6chsten Sicht des Dzogchen und erm\u00f6glicht die Unterscheidung der verschiedenen Pfade und Wege zur Buddhaschaft.<\/p>\n<p>Ist man einmal im Buch bis dahin gelangt und hat die essenzielle Lehre des Dzogchen in seiner Bedeutung erfasst, so bedarf es einer direkten Anleitung, wie diese vollkommene Sicht zu praktizieren ist. Diese Anleitung erhalten wir durch Patrul Rinpoches Grundsa\u0308tze in \u201eDie au\u00dfergew\u00f6hnliche Wirklichkeit h\u00f6chster Weisheit\u201c und seinem eigenen Kommentar dazu. Dieser mittlerweile vielfach anderweitig herausgegebene Text ist in seiner Klarheit und Bestimmtheit kaum zu u\u0308berbieten. Man sollte sicher gehen, dass man seine drei Aussagen verinnerlicht hat und durch vertiefende Meditation \u2013 am besten mit Hilfe eines qualifizierten Lehrers \u2013 in die Praxis umzusetzen gelernt hat. Damit wird sich die herausragende Absicht dieses Buches erf\u00fcllen.<\/p>\n<p>Rezension von Matthias Braeunig<\/p>\n<p><strong>Der Flug des Garuda, F\u00fcnf Dzogchen-Texte aus dem tibetischen Buddhismus, Zusammengestellt und \u00fcbersetzt von Keith Dowman, Durchgesehene und erweiterte Ausgabe.<\/strong> <em>edition khordong im Wandel Verlag, Berlin, 3.5.2015,\u00a0 296 Seiten, Klappenbroschur, 20,5\u00d714,5cm, 375g, 21,60\u20ac, ISBN: 978-3-942380-19-5<\/em><\/p>\n<p><a title=\"Der Flug des Garuda von Keith Dowman\" href=\"https:\/\/www.wandel-verlag.de\/der-flug-des-garuda\/\">Hier geht es zum Buch<\/a><\/p>\n<\/div>\n<\/div>\n<\/div>\n","protected":false},"excerpt":{"rendered":"<p>Dies ist die zweite, u\u0308berarbeitete und um einen zus\u00e4tzlichen Text erweiterte Ausgabe eines f\u00fcr l\u00e4ngere Zeit vergriffenen Buches. Als es in seiner ersten Fassung 1982 erschien, war es eine Offenbarung, da zu jener Zeit erst wenige Texte, die die nicht-duale &hellip; <a href=\"https:\/\/www.wandel-verlag.de\/de\/der-flug-des-garuda-rezension-von-matthias-braeunig\/\">Continue reading <span class=\"meta-nav\">&rarr;<\/span><\/a><\/p>\n","protected":false},"author":4,"featured_media":952,"comment_status":"closed","ping_status":"closed","sticky":false,"template":"","format":"standard","meta":{"footnotes":""},"categories":[84],"tags":[85],"class_list":["post-1173","post","type-post","status-publish","format-standard","has-post-thumbnail","hentry","category-rezensionen","tag-rezension"],"yoast_head":"<!-- This site is optimized with the Yoast SEO plugin v28.4 - https:\/\/yoast.com\/product\/yoast-seo-wordpress\/ -->\n<title>Der Flug des Garuda \u2013 Rezension von Matthias Braeunig - WANDEL VERLAG berlin<\/title>\n<meta name=\"robots\" content=\"index, follow, max-snippet:-1, max-image-preview:large, max-video-preview:-1\" \/>\n<link rel=\"canonical\" href=\"https:\/\/www.wandel-verlag.de\/de\/der-flug-des-garuda-rezension-von-matthias-braeunig\/\" \/>\n<meta property=\"og:locale\" content=\"en_US\" \/>\n<meta property=\"og:type\" content=\"article\" \/>\n<meta property=\"og:title\" content=\"Der Flug des Garuda \u2013 Rezension von Matthias Braeunig - WANDEL VERLAG berlin\" \/>\n<meta property=\"og:description\" content=\"Dies ist die zweite, u\u0308berarbeitete und um einen zus\u00e4tzlichen Text erweiterte Ausgabe eines f\u00fcr l\u00e4ngere Zeit vergriffenen Buches. Als es in seiner ersten Fassung 1982 erschien, war es eine Offenbarung, da zu jener Zeit erst wenige Texte, die die nicht-duale &hellip; Continue reading &rarr;\" \/>\n<meta property=\"og:url\" content=\"https:\/\/www.wandel-verlag.de\/de\/der-flug-des-garuda-rezension-von-matthias-braeunig\/\" \/>\n<meta property=\"og:site_name\" content=\"WANDEL VERLAG berlin\" \/>\n<meta property=\"article:publisher\" content=\"https:\/\/www.facebook.com\/wandel.verlag\" \/>\n<meta property=\"article:published_time\" content=\"2016-06-27T09:25:18+00:00\" \/>\n<meta property=\"article:modified_time\" content=\"2020-02-13T18:44:27+00:00\" \/>\n<meta property=\"og:image\" content=\"https:\/\/www.wandel-verlag.de\/wp-content\/uploads\/Garuda_Cover_Front_web.jpg\" \/>\n\t<meta property=\"og:image:width\" content=\"410\" \/>\n\t<meta property=\"og:image:height\" content=\"581\" \/>\n\t<meta property=\"og:image:type\" content=\"image\/jpeg\" \/>\n<meta name=\"author\" content=\"webmaster\" \/>\n<meta name=\"twitter:card\" content=\"summary_large_image\" \/>\n<meta name=\"twitter:label1\" content=\"Written by\" \/>\n\t<meta name=\"twitter:data1\" content=\"webmaster\" \/>\n\t<meta name=\"twitter:label2\" content=\"Est. reading time\" \/>\n\t<meta name=\"twitter:data2\" content=\"3 minutes\" \/>\n<script type=\"application\/ld+json\" class=\"yoast-schema-graph\">{\"@context\":\"https:\\\/\\\/schema.org\",\"@graph\":[{\"@type\":\"Article\",\"@id\":\"https:\\\/\\\/www.wandel-verlag.de\\\/de\\\/der-flug-des-garuda-rezension-von-matthias-braeunig\\\/#article\",\"isPartOf\":{\"@id\":\"https:\\\/\\\/www.wandel-verlag.de\\\/de\\\/der-flug-des-garuda-rezension-von-matthias-braeunig\\\/\"},\"author\":{\"name\":\"webmaster\",\"@id\":\"https:\\\/\\\/www.wandel-verlag.de\\\/en\\\/#\\\/schema\\\/person\\\/e61d13c05314ae9ce364c5d202bddf4c\"},\"headline\":\"Der Flug des Garuda \u2013 Rezension von Matthias Braeunig\",\"datePublished\":\"2016-06-27T09:25:18+00:00\",\"dateModified\":\"2020-02-13T18:44:27+00:00\",\"mainEntityOfPage\":{\"@id\":\"https:\\\/\\\/www.wandel-verlag.de\\\/de\\\/der-flug-des-garuda-rezension-von-matthias-braeunig\\\/\"},\"wordCount\":675,\"publisher\":{\"@id\":\"https:\\\/\\\/www.wandel-verlag.de\\\/en\\\/#organization\"},\"image\":{\"@id\":\"https:\\\/\\\/www.wandel-verlag.de\\\/de\\\/der-flug-des-garuda-rezension-von-matthias-braeunig\\\/#primaryimage\"},\"thumbnailUrl\":\"https:\\\/\\\/www.wandel-verlag.de\\\/wp-content\\\/uploads\\\/Garuda_Cover_Front_web.jpg\",\"keywords\":[\"Rezension\"],\"articleSection\":[\"Rezensionen\"],\"inLanguage\":\"en-US\"},{\"@type\":\"WebPage\",\"@id\":\"https:\\\/\\\/www.wandel-verlag.de\\\/de\\\/der-flug-des-garuda-rezension-von-matthias-braeunig\\\/\",\"url\":\"https:\\\/\\\/www.wandel-verlag.de\\\/de\\\/der-flug-des-garuda-rezension-von-matthias-braeunig\\\/\",\"name\":\"Der Flug des Garuda \u2013 Rezension von Matthias Braeunig - WANDEL VERLAG berlin\",\"isPartOf\":{\"@id\":\"https:\\\/\\\/www.wandel-verlag.de\\\/en\\\/#website\"},\"primaryImageOfPage\":{\"@id\":\"https:\\\/\\\/www.wandel-verlag.de\\\/de\\\/der-flug-des-garuda-rezension-von-matthias-braeunig\\\/#primaryimage\"},\"image\":{\"@id\":\"https:\\\/\\\/www.wandel-verlag.de\\\/de\\\/der-flug-des-garuda-rezension-von-matthias-braeunig\\\/#primaryimage\"},\"thumbnailUrl\":\"https:\\\/\\\/www.wandel-verlag.de\\\/wp-content\\\/uploads\\\/Garuda_Cover_Front_web.jpg\",\"datePublished\":\"2016-06-27T09:25:18+00:00\",\"dateModified\":\"2020-02-13T18:44:27+00:00\",\"breadcrumb\":{\"@id\":\"https:\\\/\\\/www.wandel-verlag.de\\\/de\\\/der-flug-des-garuda-rezension-von-matthias-braeunig\\\/#breadcrumb\"},\"inLanguage\":\"en-US\",\"potentialAction\":[{\"@type\":\"ReadAction\",\"target\":[\"https:\\\/\\\/www.wandel-verlag.de\\\/de\\\/der-flug-des-garuda-rezension-von-matthias-braeunig\\\/\"]}]},{\"@type\":\"ImageObject\",\"inLanguage\":\"en-US\",\"@id\":\"https:\\\/\\\/www.wandel-verlag.de\\\/de\\\/der-flug-des-garuda-rezension-von-matthias-braeunig\\\/#primaryimage\",\"url\":\"https:\\\/\\\/www.wandel-verlag.de\\\/wp-content\\\/uploads\\\/Garuda_Cover_Front_web.jpg\",\"contentUrl\":\"https:\\\/\\\/www.wandel-verlag.de\\\/wp-content\\\/uploads\\\/Garuda_Cover_Front_web.jpg\",\"width\":410,\"height\":581,\"caption\":\"Der Flug des Garuda Titelbild\"},{\"@type\":\"BreadcrumbList\",\"@id\":\"https:\\\/\\\/www.wandel-verlag.de\\\/de\\\/der-flug-des-garuda-rezension-von-matthias-braeunig\\\/#breadcrumb\",\"itemListElement\":[{\"@type\":\"ListItem\",\"position\":1,\"name\":\"Startseite\",\"item\":\"https:\\\/\\\/www.wandel-verlag.de\\\/en\\\/\"},{\"@type\":\"ListItem\",\"position\":2,\"name\":\"Der Flug des Garuda \u2013 Rezension von Matthias Braeunig\"}]},{\"@type\":\"WebSite\",\"@id\":\"https:\\\/\\\/www.wandel-verlag.de\\\/en\\\/#website\",\"url\":\"https:\\\/\\\/www.wandel-verlag.de\\\/en\\\/\",\"name\":\"WANDEL VERLAG berlin\",\"description\":\"edition khordong\",\"publisher\":{\"@id\":\"https:\\\/\\\/www.wandel-verlag.de\\\/en\\\/#organization\"},\"potentialAction\":[{\"@type\":\"SearchAction\",\"target\":{\"@type\":\"EntryPoint\",\"urlTemplate\":\"https:\\\/\\\/www.wandel-verlag.de\\\/en\\\/?s={search_term_string}\"},\"query-input\":{\"@type\":\"PropertyValueSpecification\",\"valueRequired\":true,\"valueName\":\"search_term_string\"}}],\"inLanguage\":\"en-US\"},{\"@type\":\"Organization\",\"@id\":\"https:\\\/\\\/www.wandel-verlag.de\\\/en\\\/#organization\",\"name\":\"edition khordong im Wandel Verlag\",\"url\":\"https:\\\/\\\/www.wandel-verlag.de\\\/en\\\/\",\"logo\":{\"@type\":\"ImageObject\",\"inLanguage\":\"en-US\",\"@id\":\"https:\\\/\\\/www.wandel-verlag.de\\\/en\\\/#\\\/schema\\\/logo\\\/image\\\/\",\"url\":\"https:\\\/\\\/www.wandel-verlag.de\\\/wp-content\\\/uploads\\\/wandelkhordong_logo_150x225-e1604923349635.gif\",\"contentUrl\":\"https:\\\/\\\/www.wandel-verlag.de\\\/wp-content\\\/uploads\\\/wandelkhordong_logo_150x225-e1604923349635.gif\",\"width\":100,\"height\":150,\"caption\":\"edition khordong im Wandel Verlag\"},\"image\":{\"@id\":\"https:\\\/\\\/www.wandel-verlag.de\\\/en\\\/#\\\/schema\\\/logo\\\/image\\\/\"},\"sameAs\":[\"https:\\\/\\\/www.facebook.com\\\/wandel.verlag\"]},{\"@type\":\"Person\",\"@id\":\"https:\\\/\\\/www.wandel-verlag.de\\\/en\\\/#\\\/schema\\\/person\\\/e61d13c05314ae9ce364c5d202bddf4c\",\"name\":\"webmaster\",\"image\":{\"@type\":\"ImageObject\",\"inLanguage\":\"en-US\",\"@id\":\"https:\\\/\\\/secure.gravatar.com\\\/avatar\\\/8b181a83ef1f3d1f6d66b9695ae355d97042db8e0d8b1927b0e9ef0b7bb3e568?s=96&d=mm&r=g\",\"url\":\"https:\\\/\\\/secure.gravatar.com\\\/avatar\\\/8b181a83ef1f3d1f6d66b9695ae355d97042db8e0d8b1927b0e9ef0b7bb3e568?s=96&d=mm&r=g\",\"contentUrl\":\"https:\\\/\\\/secure.gravatar.com\\\/avatar\\\/8b181a83ef1f3d1f6d66b9695ae355d97042db8e0d8b1927b0e9ef0b7bb3e568?s=96&d=mm&r=g\",\"caption\":\"webmaster\"},\"url\":\"https:\\\/\\\/www.wandel-verlag.de\\\/de\\\/author\\\/tsultrim\\\/\"}]}<\/script>\n<!-- \/ Yoast SEO plugin. -->","yoast_head_json":{"title":"Der Flug des Garuda \u2013 Rezension von Matthias Braeunig - WANDEL VERLAG berlin","robots":{"index":"index","follow":"follow","max-snippet":"max-snippet:-1","max-image-preview":"max-image-preview:large","max-video-preview":"max-video-preview:-1"},"canonical":"https:\/\/www.wandel-verlag.de\/de\/der-flug-des-garuda-rezension-von-matthias-braeunig\/","og_locale":"en_US","og_type":"article","og_title":"Der Flug des Garuda \u2013 Rezension von Matthias Braeunig - WANDEL VERLAG berlin","og_description":"Dies ist die zweite, u\u0308berarbeitete und um einen zus\u00e4tzlichen Text erweiterte Ausgabe eines f\u00fcr l\u00e4ngere Zeit vergriffenen Buches. Als es in seiner ersten Fassung 1982 erschien, war es eine Offenbarung, da zu jener Zeit erst wenige Texte, die die nicht-duale &hellip; Continue reading &rarr;","og_url":"https:\/\/www.wandel-verlag.de\/de\/der-flug-des-garuda-rezension-von-matthias-braeunig\/","og_site_name":"WANDEL VERLAG berlin","article_publisher":"https:\/\/www.facebook.com\/wandel.verlag","article_published_time":"2016-06-27T09:25:18+00:00","article_modified_time":"2020-02-13T18:44:27+00:00","og_image":[{"width":410,"height":581,"url":"https:\/\/www.wandel-verlag.de\/wp-content\/uploads\/Garuda_Cover_Front_web.jpg","type":"image\/jpeg"}],"author":"webmaster","twitter_card":"summary_large_image","twitter_misc":{"Written by":"webmaster","Est. reading time":"3 minutes"},"schema":{"@context":"https:\/\/schema.org","@graph":[{"@type":"Article","@id":"https:\/\/www.wandel-verlag.de\/de\/der-flug-des-garuda-rezension-von-matthias-braeunig\/#article","isPartOf":{"@id":"https:\/\/www.wandel-verlag.de\/de\/der-flug-des-garuda-rezension-von-matthias-braeunig\/"},"author":{"name":"webmaster","@id":"https:\/\/www.wandel-verlag.de\/en\/#\/schema\/person\/e61d13c05314ae9ce364c5d202bddf4c"},"headline":"Der Flug des Garuda \u2013 Rezension von Matthias Braeunig","datePublished":"2016-06-27T09:25:18+00:00","dateModified":"2020-02-13T18:44:27+00:00","mainEntityOfPage":{"@id":"https:\/\/www.wandel-verlag.de\/de\/der-flug-des-garuda-rezension-von-matthias-braeunig\/"},"wordCount":675,"publisher":{"@id":"https:\/\/www.wandel-verlag.de\/en\/#organization"},"image":{"@id":"https:\/\/www.wandel-verlag.de\/de\/der-flug-des-garuda-rezension-von-matthias-braeunig\/#primaryimage"},"thumbnailUrl":"https:\/\/www.wandel-verlag.de\/wp-content\/uploads\/Garuda_Cover_Front_web.jpg","keywords":["Rezension"],"articleSection":["Rezensionen"],"inLanguage":"en-US"},{"@type":"WebPage","@id":"https:\/\/www.wandel-verlag.de\/de\/der-flug-des-garuda-rezension-von-matthias-braeunig\/","url":"https:\/\/www.wandel-verlag.de\/de\/der-flug-des-garuda-rezension-von-matthias-braeunig\/","name":"Der Flug des Garuda \u2013 Rezension von Matthias Braeunig - WANDEL VERLAG berlin","isPartOf":{"@id":"https:\/\/www.wandel-verlag.de\/en\/#website"},"primaryImageOfPage":{"@id":"https:\/\/www.wandel-verlag.de\/de\/der-flug-des-garuda-rezension-von-matthias-braeunig\/#primaryimage"},"image":{"@id":"https:\/\/www.wandel-verlag.de\/de\/der-flug-des-garuda-rezension-von-matthias-braeunig\/#primaryimage"},"thumbnailUrl":"https:\/\/www.wandel-verlag.de\/wp-content\/uploads\/Garuda_Cover_Front_web.jpg","datePublished":"2016-06-27T09:25:18+00:00","dateModified":"2020-02-13T18:44:27+00:00","breadcrumb":{"@id":"https:\/\/www.wandel-verlag.de\/de\/der-flug-des-garuda-rezension-von-matthias-braeunig\/#breadcrumb"},"inLanguage":"en-US","potentialAction":[{"@type":"ReadAction","target":["https:\/\/www.wandel-verlag.de\/de\/der-flug-des-garuda-rezension-von-matthias-braeunig\/"]}]},{"@type":"ImageObject","inLanguage":"en-US","@id":"https:\/\/www.wandel-verlag.de\/de\/der-flug-des-garuda-rezension-von-matthias-braeunig\/#primaryimage","url":"https:\/\/www.wandel-verlag.de\/wp-content\/uploads\/Garuda_Cover_Front_web.jpg","contentUrl":"https:\/\/www.wandel-verlag.de\/wp-content\/uploads\/Garuda_Cover_Front_web.jpg","width":410,"height":581,"caption":"Der Flug des Garuda Titelbild"},{"@type":"BreadcrumbList","@id":"https:\/\/www.wandel-verlag.de\/de\/der-flug-des-garuda-rezension-von-matthias-braeunig\/#breadcrumb","itemListElement":[{"@type":"ListItem","position":1,"name":"Startseite","item":"https:\/\/www.wandel-verlag.de\/en\/"},{"@type":"ListItem","position":2,"name":"Der Flug des Garuda \u2013 Rezension von Matthias Braeunig"}]},{"@type":"WebSite","@id":"https:\/\/www.wandel-verlag.de\/en\/#website","url":"https:\/\/www.wandel-verlag.de\/en\/","name":"WANDEL VERLAG berlin","description":"edition khordong","publisher":{"@id":"https:\/\/www.wandel-verlag.de\/en\/#organization"},"potentialAction":[{"@type":"SearchAction","target":{"@type":"EntryPoint","urlTemplate":"https:\/\/www.wandel-verlag.de\/en\/?s={search_term_string}"},"query-input":{"@type":"PropertyValueSpecification","valueRequired":true,"valueName":"search_term_string"}}],"inLanguage":"en-US"},{"@type":"Organization","@id":"https:\/\/www.wandel-verlag.de\/en\/#organization","name":"edition khordong im Wandel Verlag","url":"https:\/\/www.wandel-verlag.de\/en\/","logo":{"@type":"ImageObject","inLanguage":"en-US","@id":"https:\/\/www.wandel-verlag.de\/en\/#\/schema\/logo\/image\/","url":"https:\/\/www.wandel-verlag.de\/wp-content\/uploads\/wandelkhordong_logo_150x225-e1604923349635.gif","contentUrl":"https:\/\/www.wandel-verlag.de\/wp-content\/uploads\/wandelkhordong_logo_150x225-e1604923349635.gif","width":100,"height":150,"caption":"edition khordong im Wandel Verlag"},"image":{"@id":"https:\/\/www.wandel-verlag.de\/en\/#\/schema\/logo\/image\/"},"sameAs":["https:\/\/www.facebook.com\/wandel.verlag"]},{"@type":"Person","@id":"https:\/\/www.wandel-verlag.de\/en\/#\/schema\/person\/e61d13c05314ae9ce364c5d202bddf4c","name":"webmaster","image":{"@type":"ImageObject","inLanguage":"en-US","@id":"https:\/\/secure.gravatar.com\/avatar\/8b181a83ef1f3d1f6d66b9695ae355d97042db8e0d8b1927b0e9ef0b7bb3e568?s=96&d=mm&r=g","url":"https:\/\/secure.gravatar.com\/avatar\/8b181a83ef1f3d1f6d66b9695ae355d97042db8e0d8b1927b0e9ef0b7bb3e568?s=96&d=mm&r=g","contentUrl":"https:\/\/secure.gravatar.com\/avatar\/8b181a83ef1f3d1f6d66b9695ae355d97042db8e0d8b1927b0e9ef0b7bb3e568?s=96&d=mm&r=g","caption":"webmaster"},"url":"https:\/\/www.wandel-verlag.de\/de\/author\/tsultrim\/"}]}},"_links":{"self":[{"href":"https:\/\/www.wandel-verlag.de\/de\/wp-json\/wp\/v2\/posts\/1173","targetHints":{"allow":["GET"]}}],"collection":[{"href":"https:\/\/www.wandel-verlag.de\/de\/wp-json\/wp\/v2\/posts"}],"about":[{"href":"https:\/\/www.wandel-verlag.de\/de\/wp-json\/wp\/v2\/types\/post"}],"author":[{"embeddable":true,"href":"https:\/\/www.wandel-verlag.de\/de\/wp-json\/wp\/v2\/users\/4"}],"replies":[{"embeddable":true,"href":"https:\/\/www.wandel-verlag.de\/de\/wp-json\/wp\/v2\/comments?post=1173"}],"version-history":[{"count":0,"href":"https:\/\/www.wandel-verlag.de\/de\/wp-json\/wp\/v2\/posts\/1173\/revisions"}],"wp:featuredmedia":[{"embeddable":true,"href":"https:\/\/www.wandel-verlag.de\/de\/wp-json\/wp\/v2\/media\/952"}],"wp:attachment":[{"href":"https:\/\/www.wandel-verlag.de\/de\/wp-json\/wp\/v2\/media?parent=1173"}],"wp:term":[{"taxonomy":"category","embeddable":true,"href":"https:\/\/www.wandel-verlag.de\/de\/wp-json\/wp\/v2\/categories?post=1173"},{"taxonomy":"post_tag","embeddable":true,"href":"https:\/\/www.wandel-verlag.de\/de\/wp-json\/wp\/v2\/tags?post=1173"}],"curies":[{"name":"wp","href":"https:\/\/api.w.org\/{rel}","templated":true}]}}