{"id":13846,"date":"2023-03-23T11:11:22","date_gmt":"2023-03-23T10:11:22","guid":{"rendered":"https:\/\/www.wandel-verlag.de\/?p=13846"},"modified":"2023-03-30T14:14:35","modified_gmt":"2023-03-30T13:14:35","slug":"langlebensgebet-fuer-james-low","status":"publish","type":"post","link":"https:\/\/www.wandel-verlag.de\/de\/langlebensgebet-fuer-james-low\/","title":{"rendered":"Langlebensgebet f\u00fcr James Low"},"content":{"rendered":"<div class=\"wp-block-image\">\n<figure class=\"aligncenter size-full is-resized\"><img loading=\"lazy\" decoding=\"async\" src=\"https:\/\/www.wandel-verlag.de\/wp-content\/uploads\/JAMES_LOW_20x30_MG_7587-Katrin_Roder-web.jpg\" alt=\"James Low\" class=\"wp-image-13849\" width=\"168\" height=\"224\"\/><\/figure>\n<\/div>\n\n\n<p class=\"wp-block-paragraph\">Vor einigen Tagen hat James Low, Lehrer und Autor, seinen Sch\u00fclern bekannt gegeben, dass er in K\u00fcrze auf Grund einer Krebserkrankung eine Therapie durchlaufen muss und alle Vor-Ort-Seminare f\u00fcr den Sommer abgesagt. Die Zoom-Teachings werden nach wie vor stattfinden. Wir alle hoffen sehr, dass die Therapie erfolgreich abgeschlossen wird und James wieder vollst\u00e4ndig genest. Wir haben aus diesem Anlass nun auch ein <a href=\"https:\/\/www.wandel-verlag.de\/wp-content\/uploads\/langlebensgebet-james-low.pdf\">deutschsprachiges Langlebensgebet <\/a>erstellt (<a href=\"https:\/\/www.wandel-verlag.de\/wp-content\/uploads\/langlebensgebet-james-low.pdf\">PDF, 103kB<\/a>). (<a href=\"https:\/\/www.wandel-verlag.de\/en\/long-life-prayer-for-james-low\/\">Engl. Version<\/a>)<\/p>\n\n\n\n<p class=\"wp-block-paragraph\">Viele seiner Sch\u00fcler haben sich gefragt, was sie tun k\u00f6nnten, neben der Rezitation seines Langlebensgebetes. James dazu: &#8220;CR Lama sagte mir oft, dass der beste Schutz darin besteht, zu Padmasambhava mit dem 7-Zeilen-Gebet zu beten, da dies alle seine Aspekte einschlie\u00dft, friedlich und zornvoll. Benutzt dies also bitte mit einsgerichtetem Vertrauen \u2026&#8221; Man kann dies z.B. auch mit der &#8216;Kleinen Rigdzin&#8217; oder der von James zusammengestellten &#8216;Low Rigdzin&#8217; aus\u00fcben. <a href=\"https:\/\/www.wandel-verlag.de\/seven-line-prayer-with-long-life-prayer-and-dedication-20-03-2023\/\">Hier<\/a> gibt es eine englische Version des 7-Zeilen-Gebets zusammen mit dem Langlebensgebet und Widmung (<a href=\"https:\/\/www.wandel-verlag.de\/seven-line-prayer-with-long-life-prayer-and-dedication-20-03-2023\/\">PDF, 300kB<\/a>). Auf Facebook organisieren sich Gruppen, die sich online zum gemeinsamen praktizieren verabreden. <a href=\"https:\/\/www.facebook.com\/groups\/2119151305030690\">Facebook-Gruppe: Share Quotes (engl.)<\/a><\/p>\n\n\n\n<p class=\"wp-block-paragraph\">Hier ist der Originalbeitrag auf James eigener Webseite: <a href=\"https:\/\/simplybeing.co.uk\/news\/health\/\" target=\"_blank\" rel=\"noreferrer noopener\">hier<\/a><\/p>\n\n\n\n<p class=\"wp-block-paragraph\"><em><sup>Foto: \u00a9 2019 Katrin R\u00f6der<\/sup><\/em><\/p>\n","protected":false},"excerpt":{"rendered":"<p>Vor einigen Tagen hat James Low, Lehrer und Autor, seinen Sch\u00fclern bekannt gegeben, dass er in K\u00fcrze auf Grund einer Krebserkrankung eine Therapie durchlaufen muss und alle Vor-Ort-Seminare f\u00fcr den Sommer abgesagt. Wir haben aus diesem Anlass nun auch ein deutschsprachiges Langlebensgebet erstellt. <a href=\"https:\/\/www.wandel-verlag.de\/de\/langlebensgebet-fuer-james-low\/\">Continue reading <span class=\"meta-nav\">&rarr;<\/span><\/a><\/p>\n","protected":false},"author":4,"featured_media":13849,"comment_status":"closed","ping_status":"closed","sticky":false,"template":"","format":"standard","meta":{"footnotes":""},"categories":[111],"tags":[169,200],"class_list":["post-13846","post","type-post","status-publish","format-standard","has-post-thumbnail","hentry","category-info","tag-langlebensgebet","tag-long-live-prayer"],"yoast_head":"<!-- This site is optimized with the Yoast SEO plugin v28.4 - https:\/\/yoast.com\/product\/yoast-seo-wordpress\/ -->\n<title>Langlebensgebet f\u00fcr James Low - WANDEL VERLAG berlin<\/title>\n<meta name=\"robots\" content=\"index, follow, max-snippet:-1, max-image-preview:large, max-video-preview:-1\" \/>\n<link rel=\"canonical\" href=\"https:\/\/www.wandel-verlag.de\/de\/langlebensgebet-fuer-james-low\/\" \/>\n<meta property=\"og:locale\" content=\"en_US\" \/>\n<meta property=\"og:type\" content=\"article\" \/>\n<meta property=\"og:title\" content=\"Langlebensgebet f\u00fcr James Low - WANDEL VERLAG berlin\" \/>\n<meta property=\"og:description\" content=\"Vor einigen Tagen hat James Low, Lehrer und Autor, seinen Sch\u00fclern bekannt gegeben, dass er in K\u00fcrze auf Grund einer Krebserkrankung eine Therapie durchlaufen muss und alle Vor-Ort-Seminare f\u00fcr den Sommer abgesagt. Wir haben aus diesem Anlass nun auch ein deutschsprachiges Langlebensgebet erstellt. Continue reading &rarr;\" \/>\n<meta property=\"og:url\" content=\"https:\/\/www.wandel-verlag.de\/de\/langlebensgebet-fuer-james-low\/\" \/>\n<meta property=\"og:site_name\" content=\"WANDEL VERLAG berlin\" \/>\n<meta property=\"article:publisher\" content=\"https:\/\/www.facebook.com\/wandel.verlag\" \/>\n<meta property=\"article:published_time\" content=\"2023-03-23T10:11:22+00:00\" \/>\n<meta property=\"article:modified_time\" content=\"2023-03-30T13:14:35+00:00\" \/>\n<meta property=\"og:image\" content=\"https:\/\/www.wandel-verlag.de\/wp-content\/uploads\/JAMES_LOW_20x30_MG_7587-Katrin_Roder-web.jpg\" \/>\n\t<meta property=\"og:image:width\" content=\"426\" \/>\n\t<meta property=\"og:image:height\" content=\"567\" \/>\n\t<meta property=\"og:image:type\" content=\"image\/jpeg\" \/>\n<meta name=\"author\" content=\"webmaster\" \/>\n<meta name=\"twitter:card\" content=\"summary_large_image\" \/>\n<meta name=\"twitter:label1\" content=\"Written by\" \/>\n\t<meta name=\"twitter:data1\" content=\"webmaster\" \/>\n\t<meta name=\"twitter:label2\" content=\"Est. reading time\" \/>\n\t<meta name=\"twitter:data2\" content=\"2 minutes\" \/>\n<script type=\"application\/ld+json\" class=\"yoast-schema-graph\">{\"@context\":\"https:\\\/\\\/schema.org\",\"@graph\":[{\"@type\":\"Article\",\"@id\":\"https:\\\/\\\/www.wandel-verlag.de\\\/de\\\/langlebensgebet-fuer-james-low\\\/#article\",\"isPartOf\":{\"@id\":\"https:\\\/\\\/www.wandel-verlag.de\\\/de\\\/langlebensgebet-fuer-james-low\\\/\"},\"author\":{\"name\":\"webmaster\",\"@id\":\"https:\\\/\\\/www.wandel-verlag.de\\\/en\\\/#\\\/schema\\\/person\\\/e61d13c05314ae9ce364c5d202bddf4c\"},\"headline\":\"Langlebensgebet f\u00fcr James Low\",\"datePublished\":\"2023-03-23T10:11:22+00:00\",\"dateModified\":\"2023-03-30T13:14:35+00:00\",\"mainEntityOfPage\":{\"@id\":\"https:\\\/\\\/www.wandel-verlag.de\\\/de\\\/langlebensgebet-fuer-james-low\\\/\"},\"wordCount\":196,\"publisher\":{\"@id\":\"https:\\\/\\\/www.wandel-verlag.de\\\/en\\\/#organization\"},\"image\":{\"@id\":\"https:\\\/\\\/www.wandel-verlag.de\\\/de\\\/langlebensgebet-fuer-james-low\\\/#primaryimage\"},\"thumbnailUrl\":\"https:\\\/\\\/www.wandel-verlag.de\\\/wp-content\\\/uploads\\\/JAMES_LOW_20x30_MG_7587-Katrin_Roder-web-e1738933815560.jpg\",\"keywords\":[\"Langlebensgebet\",\"long live prayer\"],\"articleSection\":[\"Infos &amp; News\"],\"inLanguage\":\"en-US\"},{\"@type\":\"WebPage\",\"@id\":\"https:\\\/\\\/www.wandel-verlag.de\\\/de\\\/langlebensgebet-fuer-james-low\\\/\",\"url\":\"https:\\\/\\\/www.wandel-verlag.de\\\/de\\\/langlebensgebet-fuer-james-low\\\/\",\"name\":\"Langlebensgebet f\u00fcr James Low - WANDEL VERLAG berlin\",\"isPartOf\":{\"@id\":\"https:\\\/\\\/www.wandel-verlag.de\\\/en\\\/#website\"},\"primaryImageOfPage\":{\"@id\":\"https:\\\/\\\/www.wandel-verlag.de\\\/de\\\/langlebensgebet-fuer-james-low\\\/#primaryimage\"},\"image\":{\"@id\":\"https:\\\/\\\/www.wandel-verlag.de\\\/de\\\/langlebensgebet-fuer-james-low\\\/#primaryimage\"},\"thumbnailUrl\":\"https:\\\/\\\/www.wandel-verlag.de\\\/wp-content\\\/uploads\\\/JAMES_LOW_20x30_MG_7587-Katrin_Roder-web-e1738933815560.jpg\",\"datePublished\":\"2023-03-23T10:11:22+00:00\",\"dateModified\":\"2023-03-30T13:14:35+00:00\",\"breadcrumb\":{\"@id\":\"https:\\\/\\\/www.wandel-verlag.de\\\/de\\\/langlebensgebet-fuer-james-low\\\/#breadcrumb\"},\"inLanguage\":\"en-US\",\"potentialAction\":[{\"@type\":\"ReadAction\",\"target\":[\"https:\\\/\\\/www.wandel-verlag.de\\\/de\\\/langlebensgebet-fuer-james-low\\\/\"]}]},{\"@type\":\"ImageObject\",\"inLanguage\":\"en-US\",\"@id\":\"https:\\\/\\\/www.wandel-verlag.de\\\/de\\\/langlebensgebet-fuer-james-low\\\/#primaryimage\",\"url\":\"https:\\\/\\\/www.wandel-verlag.de\\\/wp-content\\\/uploads\\\/JAMES_LOW_20x30_MG_7587-Katrin_Roder-web-e1738933815560.jpg\",\"contentUrl\":\"https:\\\/\\\/www.wandel-verlag.de\\\/wp-content\\\/uploads\\\/JAMES_LOW_20x30_MG_7587-Katrin_Roder-web-e1738933815560.jpg\",\"width\":200,\"height\":266,\"caption\":\"James Low\"},{\"@type\":\"BreadcrumbList\",\"@id\":\"https:\\\/\\\/www.wandel-verlag.de\\\/de\\\/langlebensgebet-fuer-james-low\\\/#breadcrumb\",\"itemListElement\":[{\"@type\":\"ListItem\",\"position\":1,\"name\":\"Startseite\",\"item\":\"https:\\\/\\\/www.wandel-verlag.de\\\/en\\\/\"},{\"@type\":\"ListItem\",\"position\":2,\"name\":\"Langlebensgebet f\u00fcr James Low\"}]},{\"@type\":\"WebSite\",\"@id\":\"https:\\\/\\\/www.wandel-verlag.de\\\/en\\\/#website\",\"url\":\"https:\\\/\\\/www.wandel-verlag.de\\\/en\\\/\",\"name\":\"WANDEL VERLAG berlin\",\"description\":\"edition khordong\",\"publisher\":{\"@id\":\"https:\\\/\\\/www.wandel-verlag.de\\\/en\\\/#organization\"},\"potentialAction\":[{\"@type\":\"SearchAction\",\"target\":{\"@type\":\"EntryPoint\",\"urlTemplate\":\"https:\\\/\\\/www.wandel-verlag.de\\\/en\\\/?s={search_term_string}\"},\"query-input\":{\"@type\":\"PropertyValueSpecification\",\"valueRequired\":true,\"valueName\":\"search_term_string\"}}],\"inLanguage\":\"en-US\"},{\"@type\":\"Organization\",\"@id\":\"https:\\\/\\\/www.wandel-verlag.de\\\/en\\\/#organization\",\"name\":\"edition khordong im Wandel Verlag\",\"url\":\"https:\\\/\\\/www.wandel-verlag.de\\\/en\\\/\",\"logo\":{\"@type\":\"ImageObject\",\"inLanguage\":\"en-US\",\"@id\":\"https:\\\/\\\/www.wandel-verlag.de\\\/en\\\/#\\\/schema\\\/logo\\\/image\\\/\",\"url\":\"https:\\\/\\\/www.wandel-verlag.de\\\/wp-content\\\/uploads\\\/wandelkhordong_logo_150x225-e1604923349635.gif\",\"contentUrl\":\"https:\\\/\\\/www.wandel-verlag.de\\\/wp-content\\\/uploads\\\/wandelkhordong_logo_150x225-e1604923349635.gif\",\"width\":100,\"height\":150,\"caption\":\"edition khordong im Wandel Verlag\"},\"image\":{\"@id\":\"https:\\\/\\\/www.wandel-verlag.de\\\/en\\\/#\\\/schema\\\/logo\\\/image\\\/\"},\"sameAs\":[\"https:\\\/\\\/www.facebook.com\\\/wandel.verlag\"]},{\"@type\":\"Person\",\"@id\":\"https:\\\/\\\/www.wandel-verlag.de\\\/en\\\/#\\\/schema\\\/person\\\/e61d13c05314ae9ce364c5d202bddf4c\",\"name\":\"webmaster\",\"image\":{\"@type\":\"ImageObject\",\"inLanguage\":\"en-US\",\"@id\":\"https:\\\/\\\/secure.gravatar.com\\\/avatar\\\/8b181a83ef1f3d1f6d66b9695ae355d97042db8e0d8b1927b0e9ef0b7bb3e568?s=96&d=mm&r=g\",\"url\":\"https:\\\/\\\/secure.gravatar.com\\\/avatar\\\/8b181a83ef1f3d1f6d66b9695ae355d97042db8e0d8b1927b0e9ef0b7bb3e568?s=96&d=mm&r=g\",\"contentUrl\":\"https:\\\/\\\/secure.gravatar.com\\\/avatar\\\/8b181a83ef1f3d1f6d66b9695ae355d97042db8e0d8b1927b0e9ef0b7bb3e568?s=96&d=mm&r=g\",\"caption\":\"webmaster\"},\"url\":\"https:\\\/\\\/www.wandel-verlag.de\\\/de\\\/author\\\/tsultrim\\\/\"}]}<\/script>\n<!-- \/ Yoast SEO plugin. -->","yoast_head_json":{"title":"Langlebensgebet f\u00fcr James Low - WANDEL VERLAG berlin","robots":{"index":"index","follow":"follow","max-snippet":"max-snippet:-1","max-image-preview":"max-image-preview:large","max-video-preview":"max-video-preview:-1"},"canonical":"https:\/\/www.wandel-verlag.de\/de\/langlebensgebet-fuer-james-low\/","og_locale":"en_US","og_type":"article","og_title":"Langlebensgebet f\u00fcr James Low - WANDEL VERLAG berlin","og_description":"Vor einigen Tagen hat James Low, Lehrer und Autor, seinen Sch\u00fclern bekannt gegeben, dass er in K\u00fcrze auf Grund einer Krebserkrankung eine Therapie durchlaufen muss und alle Vor-Ort-Seminare f\u00fcr den Sommer abgesagt. Wir haben aus diesem Anlass nun auch ein deutschsprachiges Langlebensgebet erstellt. Continue reading &rarr;","og_url":"https:\/\/www.wandel-verlag.de\/de\/langlebensgebet-fuer-james-low\/","og_site_name":"WANDEL VERLAG berlin","article_publisher":"https:\/\/www.facebook.com\/wandel.verlag","article_published_time":"2023-03-23T10:11:22+00:00","article_modified_time":"2023-03-30T13:14:35+00:00","og_image":[{"width":426,"height":567,"url":"https:\/\/www.wandel-verlag.de\/wp-content\/uploads\/JAMES_LOW_20x30_MG_7587-Katrin_Roder-web.jpg","type":"image\/jpeg"}],"author":"webmaster","twitter_card":"summary_large_image","twitter_misc":{"Written by":"webmaster","Est. reading time":"2 minutes"},"schema":{"@context":"https:\/\/schema.org","@graph":[{"@type":"Article","@id":"https:\/\/www.wandel-verlag.de\/de\/langlebensgebet-fuer-james-low\/#article","isPartOf":{"@id":"https:\/\/www.wandel-verlag.de\/de\/langlebensgebet-fuer-james-low\/"},"author":{"name":"webmaster","@id":"https:\/\/www.wandel-verlag.de\/en\/#\/schema\/person\/e61d13c05314ae9ce364c5d202bddf4c"},"headline":"Langlebensgebet f\u00fcr James Low","datePublished":"2023-03-23T10:11:22+00:00","dateModified":"2023-03-30T13:14:35+00:00","mainEntityOfPage":{"@id":"https:\/\/www.wandel-verlag.de\/de\/langlebensgebet-fuer-james-low\/"},"wordCount":196,"publisher":{"@id":"https:\/\/www.wandel-verlag.de\/en\/#organization"},"image":{"@id":"https:\/\/www.wandel-verlag.de\/de\/langlebensgebet-fuer-james-low\/#primaryimage"},"thumbnailUrl":"https:\/\/www.wandel-verlag.de\/wp-content\/uploads\/JAMES_LOW_20x30_MG_7587-Katrin_Roder-web-e1738933815560.jpg","keywords":["Langlebensgebet","long live prayer"],"articleSection":["Infos &amp; News"],"inLanguage":"en-US"},{"@type":"WebPage","@id":"https:\/\/www.wandel-verlag.de\/de\/langlebensgebet-fuer-james-low\/","url":"https:\/\/www.wandel-verlag.de\/de\/langlebensgebet-fuer-james-low\/","name":"Langlebensgebet f\u00fcr James Low - WANDEL VERLAG berlin","isPartOf":{"@id":"https:\/\/www.wandel-verlag.de\/en\/#website"},"primaryImageOfPage":{"@id":"https:\/\/www.wandel-verlag.de\/de\/langlebensgebet-fuer-james-low\/#primaryimage"},"image":{"@id":"https:\/\/www.wandel-verlag.de\/de\/langlebensgebet-fuer-james-low\/#primaryimage"},"thumbnailUrl":"https:\/\/www.wandel-verlag.de\/wp-content\/uploads\/JAMES_LOW_20x30_MG_7587-Katrin_Roder-web-e1738933815560.jpg","datePublished":"2023-03-23T10:11:22+00:00","dateModified":"2023-03-30T13:14:35+00:00","breadcrumb":{"@id":"https:\/\/www.wandel-verlag.de\/de\/langlebensgebet-fuer-james-low\/#breadcrumb"},"inLanguage":"en-US","potentialAction":[{"@type":"ReadAction","target":["https:\/\/www.wandel-verlag.de\/de\/langlebensgebet-fuer-james-low\/"]}]},{"@type":"ImageObject","inLanguage":"en-US","@id":"https:\/\/www.wandel-verlag.de\/de\/langlebensgebet-fuer-james-low\/#primaryimage","url":"https:\/\/www.wandel-verlag.de\/wp-content\/uploads\/JAMES_LOW_20x30_MG_7587-Katrin_Roder-web-e1738933815560.jpg","contentUrl":"https:\/\/www.wandel-verlag.de\/wp-content\/uploads\/JAMES_LOW_20x30_MG_7587-Katrin_Roder-web-e1738933815560.jpg","width":200,"height":266,"caption":"James Low"},{"@type":"BreadcrumbList","@id":"https:\/\/www.wandel-verlag.de\/de\/langlebensgebet-fuer-james-low\/#breadcrumb","itemListElement":[{"@type":"ListItem","position":1,"name":"Startseite","item":"https:\/\/www.wandel-verlag.de\/en\/"},{"@type":"ListItem","position":2,"name":"Langlebensgebet f\u00fcr James Low"}]},{"@type":"WebSite","@id":"https:\/\/www.wandel-verlag.de\/en\/#website","url":"https:\/\/www.wandel-verlag.de\/en\/","name":"WANDEL VERLAG berlin","description":"edition khordong","publisher":{"@id":"https:\/\/www.wandel-verlag.de\/en\/#organization"},"potentialAction":[{"@type":"SearchAction","target":{"@type":"EntryPoint","urlTemplate":"https:\/\/www.wandel-verlag.de\/en\/?s={search_term_string}"},"query-input":{"@type":"PropertyValueSpecification","valueRequired":true,"valueName":"search_term_string"}}],"inLanguage":"en-US"},{"@type":"Organization","@id":"https:\/\/www.wandel-verlag.de\/en\/#organization","name":"edition khordong im Wandel Verlag","url":"https:\/\/www.wandel-verlag.de\/en\/","logo":{"@type":"ImageObject","inLanguage":"en-US","@id":"https:\/\/www.wandel-verlag.de\/en\/#\/schema\/logo\/image\/","url":"https:\/\/www.wandel-verlag.de\/wp-content\/uploads\/wandelkhordong_logo_150x225-e1604923349635.gif","contentUrl":"https:\/\/www.wandel-verlag.de\/wp-content\/uploads\/wandelkhordong_logo_150x225-e1604923349635.gif","width":100,"height":150,"caption":"edition khordong im Wandel Verlag"},"image":{"@id":"https:\/\/www.wandel-verlag.de\/en\/#\/schema\/logo\/image\/"},"sameAs":["https:\/\/www.facebook.com\/wandel.verlag"]},{"@type":"Person","@id":"https:\/\/www.wandel-verlag.de\/en\/#\/schema\/person\/e61d13c05314ae9ce364c5d202bddf4c","name":"webmaster","image":{"@type":"ImageObject","inLanguage":"en-US","@id":"https:\/\/secure.gravatar.com\/avatar\/8b181a83ef1f3d1f6d66b9695ae355d97042db8e0d8b1927b0e9ef0b7bb3e568?s=96&d=mm&r=g","url":"https:\/\/secure.gravatar.com\/avatar\/8b181a83ef1f3d1f6d66b9695ae355d97042db8e0d8b1927b0e9ef0b7bb3e568?s=96&d=mm&r=g","contentUrl":"https:\/\/secure.gravatar.com\/avatar\/8b181a83ef1f3d1f6d66b9695ae355d97042db8e0d8b1927b0e9ef0b7bb3e568?s=96&d=mm&r=g","caption":"webmaster"},"url":"https:\/\/www.wandel-verlag.de\/de\/author\/tsultrim\/"}]}},"_links":{"self":[{"href":"https:\/\/www.wandel-verlag.de\/de\/wp-json\/wp\/v2\/posts\/13846","targetHints":{"allow":["GET"]}}],"collection":[{"href":"https:\/\/www.wandel-verlag.de\/de\/wp-json\/wp\/v2\/posts"}],"about":[{"href":"https:\/\/www.wandel-verlag.de\/de\/wp-json\/wp\/v2\/types\/post"}],"author":[{"embeddable":true,"href":"https:\/\/www.wandel-verlag.de\/de\/wp-json\/wp\/v2\/users\/4"}],"replies":[{"embeddable":true,"href":"https:\/\/www.wandel-verlag.de\/de\/wp-json\/wp\/v2\/comments?post=13846"}],"version-history":[{"count":0,"href":"https:\/\/www.wandel-verlag.de\/de\/wp-json\/wp\/v2\/posts\/13846\/revisions"}],"wp:featuredmedia":[{"embeddable":true,"href":"https:\/\/www.wandel-verlag.de\/de\/wp-json\/wp\/v2\/media\/13849"}],"wp:attachment":[{"href":"https:\/\/www.wandel-verlag.de\/de\/wp-json\/wp\/v2\/media?parent=13846"}],"wp:term":[{"taxonomy":"category","embeddable":true,"href":"https:\/\/www.wandel-verlag.de\/de\/wp-json\/wp\/v2\/categories?post=13846"},{"taxonomy":"post_tag","embeddable":true,"href":"https:\/\/www.wandel-verlag.de\/de\/wp-json\/wp\/v2\/tags?post=13846"}],"curies":[{"name":"wp","href":"https:\/\/api.w.org\/{rel}","templated":true}]}}