{"id":3060,"date":"2019-10-11T00:07:11","date_gmt":"2019-10-10T23:07:11","guid":{"rendered":"https:\/\/www.wandel-verlag.de\/?p=3060"},"modified":"2024-02-04T14:40:30","modified_gmt":"2024-02-04T13:40:30","slug":"depth-and-light-james-low-in-berlin-2016","status":"publish","type":"post","link":"https:\/\/www.wandel-verlag.de\/de\/depth-and-light-james-low-in-berlin-2016\/","title":{"rendered":"Tiefe und Licht, James Low in Berlin, 2016"},"content":{"rendered":"<p><iframe loading=\"lazy\" title=\"1\/2 Depth and light. [EN-DE] Berlin 09.2016\" width=\"640\" height=\"360\" src=\"https:\/\/www.youtube.com\/embed\/13awoVHe3UU?feature=oembed\" frameborder=\"0\" allow=\"accelerometer; autoplay; clipboard-write; encrypted-media; gyroscope; picture-in-picture; web-share\" referrerpolicy=\"strict-origin-when-cross-origin\" allowfullscreen><\/iframe><\/p>\n<p class=\"first\">(1) 29. Sept 2016. \u00d6ffentlicher Vortrag. James Low hat bereits f\u00fcr 7 Minuten gesprochen, bevor die Filmaufnahmen begannen. \u00dcbersetzung von Kati Yahoual. Berlin, 2016<\/p>\n<p lang=\"en-US\" align=\"left\"><span lang=\"de-DE\">Beim<\/span> <span lang=\"de-DE\">Einf\u00fchrungsvortrag spricht<\/span><span lang=\"de-DE\"> James Low \u00fcber <\/span><span lang=\"de-DE\">das Thema<\/span><span lang=\"de-DE\"> \u201c<\/span><span lang=\"de-DE\">Geist und Selbst <\/span><span lang=\"de-DE\">\u2013 <\/span><span lang=\"de-DE\">w<\/span><span lang=\"de-DE\">ie der Buddhismus uns zeigen kann, dass wir mehr sind als wir denken<\/span><span lang=\"de-DE\">\u201d<\/span><span lang=\"de-DE\">. Dies war eine Einf\u00fchrung in das vom <\/span>29. September bis zum 3. Oktober 2016.<\/p>\n<p>(2) James Low Friday am 30.9. \u2013 03.10.2016 in Berlin<br \/>\nDzogchen Retreat. &#8220;<span lang=\"de-DE\">Tiefe und Licht \u2013 Erwachen zur unbegrenzten Strahlkraft des leeren Geistes\u201d. Der Fokus liegt dabei auf dem 5. Kapitel des Buches \u201cAus dem Handgep\u00e4ck eines tibetischen Yogi\u201c von James Low. Rinpoche (C.R. Lama) mochte diesen Text sehr, und wir werden uns dar\u00fcber die 5 Skandhas genauer anschauen k\u00f6nnen. <\/span><\/p>\n<p>Retreat topic: Depth and light &#8211; awaken to the infinite radiance of the empty mind. The focus is on Chapter 5 of James Low&#8217;s book &#8216;Simply Being&#8217;.<\/p>\n<p><iframe loading=\"lazy\" title=\"2\/2 Depth and light. [EN-DE] Berlin 09.2016\" width=\"640\" height=\"360\" src=\"https:\/\/www.youtube.com\/embed\/KX8pjXBgQjk?feature=oembed\" frameborder=\"0\" allow=\"accelerometer; autoplay; clipboard-write; encrypted-media; gyroscope; picture-in-picture; web-share\" referrerpolicy=\"strict-origin-when-cross-origin\" allowfullscreen><\/iframe><\/p>\n<p>Robert Jarolawski is translating into German<\/p>\n","protected":false},"excerpt":{"rendered":"<p>(1) 29. Sept 2016. \u00d6ffentlicher Vortrag. James Low hat bereits f\u00fcr 7 Minuten gesprochen, bevor die Filmaufnahmen begannen. \u00dcbersetzung von Kati Yahoual. Berlin, 2016 Beim Einf\u00fchrungsvortrag spricht James Low \u00fcber das Thema \u201cGeist und Selbst \u2013 wie der Buddhismus uns &hellip; <a href=\"https:\/\/www.wandel-verlag.de\/de\/depth-and-light-james-low-in-berlin-2016\/\">Continue reading <span class=\"meta-nav\">&rarr;<\/span><\/a><\/p>\n","protected":false},"author":4,"featured_media":3066,"comment_status":"open","ping_status":"open","sticky":false,"template":"","format":"standard","meta":{"footnotes":""},"categories":[109,101],"tags":[27],"class_list":["post-3060","post","type-post","status-publish","format-standard","has-post-thumbnail","hentry","category-james-low","category-films","tag-dzogchen"],"yoast_head":"<!-- This site is optimized with the Yoast SEO plugin v28.4 - https:\/\/yoast.com\/product\/yoast-seo-wordpress\/ -->\n<title>Tiefe und Licht, James Low in Berlin, 2016 - WANDEL VERLAG berlin<\/title>\n<meta name=\"robots\" content=\"index, follow, max-snippet:-1, max-image-preview:large, max-video-preview:-1\" \/>\n<link rel=\"canonical\" href=\"https:\/\/www.wandel-verlag.de\/de\/depth-and-light-james-low-in-berlin-2016\/\" \/>\n<meta property=\"og:locale\" content=\"en_US\" \/>\n<meta property=\"og:type\" content=\"article\" \/>\n<meta property=\"og:title\" content=\"Tiefe und Licht, James Low in Berlin, 2016 - WANDEL VERLAG berlin\" \/>\n<meta property=\"og:description\" content=\"(1) 29. Sept 2016. \u00d6ffentlicher Vortrag. James Low hat bereits f\u00fcr 7 Minuten gesprochen, bevor die Filmaufnahmen begannen. \u00dcbersetzung von Kati Yahoual. Berlin, 2016 Beim Einf\u00fchrungsvortrag spricht James Low \u00fcber das Thema \u201cGeist und Selbst \u2013 wie der Buddhismus uns &hellip; Continue reading &rarr;\" \/>\n<meta property=\"og:url\" content=\"https:\/\/www.wandel-verlag.de\/de\/depth-and-light-james-low-in-berlin-2016\/\" \/>\n<meta property=\"og:site_name\" content=\"WANDEL VERLAG berlin\" \/>\n<meta property=\"article:publisher\" content=\"https:\/\/www.facebook.com\/wandel.verlag\" \/>\n<meta property=\"article:published_time\" content=\"2019-10-10T23:07:11+00:00\" \/>\n<meta property=\"article:modified_time\" content=\"2024-02-04T13:40:30+00:00\" \/>\n<meta property=\"og:image\" content=\"https:\/\/www.wandel-verlag.de\/wp-content\/uploads\/james-low-2016-web.jpg\" \/>\n\t<meta property=\"og:image:width\" content=\"314\" \/>\n\t<meta property=\"og:image:height\" content=\"231\" \/>\n\t<meta property=\"og:image:type\" content=\"image\/jpeg\" \/>\n<meta name=\"author\" content=\"webmaster\" \/>\n<meta name=\"twitter:card\" content=\"summary_large_image\" \/>\n<meta name=\"twitter:label1\" content=\"Written by\" \/>\n\t<meta name=\"twitter:data1\" content=\"webmaster\" \/>\n\t<meta name=\"twitter:label2\" content=\"Est. reading time\" \/>\n\t<meta name=\"twitter:data2\" content=\"2 minutes\" \/>\n<script type=\"application\/ld+json\" class=\"yoast-schema-graph\">{\"@context\":\"https:\\\/\\\/schema.org\",\"@graph\":[{\"@type\":\"Article\",\"@id\":\"https:\\\/\\\/www.wandel-verlag.de\\\/de\\\/depth-and-light-james-low-in-berlin-2016\\\/#article\",\"isPartOf\":{\"@id\":\"https:\\\/\\\/www.wandel-verlag.de\\\/de\\\/depth-and-light-james-low-in-berlin-2016\\\/\"},\"author\":{\"name\":\"webmaster\",\"@id\":\"https:\\\/\\\/www.wandel-verlag.de\\\/en\\\/#\\\/schema\\\/person\\\/e61d13c05314ae9ce364c5d202bddf4c\"},\"headline\":\"Tiefe und Licht, James Low in Berlin, 2016\",\"datePublished\":\"2019-10-10T23:07:11+00:00\",\"dateModified\":\"2024-02-04T13:40:30+00:00\",\"mainEntityOfPage\":{\"@id\":\"https:\\\/\\\/www.wandel-verlag.de\\\/de\\\/depth-and-light-james-low-in-berlin-2016\\\/\"},\"wordCount\":171,\"commentCount\":0,\"publisher\":{\"@id\":\"https:\\\/\\\/www.wandel-verlag.de\\\/en\\\/#organization\"},\"image\":{\"@id\":\"https:\\\/\\\/www.wandel-verlag.de\\\/de\\\/depth-and-light-james-low-in-berlin-2016\\\/#primaryimage\"},\"thumbnailUrl\":\"https:\\\/\\\/www.wandel-verlag.de\\\/wp-content\\\/uploads\\\/james-low-2016-web.jpg\",\"keywords\":[\"Dzogchen\"],\"articleSection\":[\"James Low\",\"Video &amp; Audio\"],\"inLanguage\":\"en-US\",\"potentialAction\":[{\"@type\":\"CommentAction\",\"name\":\"Comment\",\"target\":[\"https:\\\/\\\/www.wandel-verlag.de\\\/de\\\/depth-and-light-james-low-in-berlin-2016\\\/#respond\"]}]},{\"@type\":\"WebPage\",\"@id\":\"https:\\\/\\\/www.wandel-verlag.de\\\/de\\\/depth-and-light-james-low-in-berlin-2016\\\/\",\"url\":\"https:\\\/\\\/www.wandel-verlag.de\\\/de\\\/depth-and-light-james-low-in-berlin-2016\\\/\",\"name\":\"Tiefe und Licht, James Low in Berlin, 2016 - WANDEL VERLAG berlin\",\"isPartOf\":{\"@id\":\"https:\\\/\\\/www.wandel-verlag.de\\\/en\\\/#website\"},\"primaryImageOfPage\":{\"@id\":\"https:\\\/\\\/www.wandel-verlag.de\\\/de\\\/depth-and-light-james-low-in-berlin-2016\\\/#primaryimage\"},\"image\":{\"@id\":\"https:\\\/\\\/www.wandel-verlag.de\\\/de\\\/depth-and-light-james-low-in-berlin-2016\\\/#primaryimage\"},\"thumbnailUrl\":\"https:\\\/\\\/www.wandel-verlag.de\\\/wp-content\\\/uploads\\\/james-low-2016-web.jpg\",\"datePublished\":\"2019-10-10T23:07:11+00:00\",\"dateModified\":\"2024-02-04T13:40:30+00:00\",\"breadcrumb\":{\"@id\":\"https:\\\/\\\/www.wandel-verlag.de\\\/de\\\/depth-and-light-james-low-in-berlin-2016\\\/#breadcrumb\"},\"inLanguage\":\"en-US\",\"potentialAction\":[{\"@type\":\"ReadAction\",\"target\":[\"https:\\\/\\\/www.wandel-verlag.de\\\/de\\\/depth-and-light-james-low-in-berlin-2016\\\/\"]}]},{\"@type\":\"ImageObject\",\"inLanguage\":\"en-US\",\"@id\":\"https:\\\/\\\/www.wandel-verlag.de\\\/de\\\/depth-and-light-james-low-in-berlin-2016\\\/#primaryimage\",\"url\":\"https:\\\/\\\/www.wandel-verlag.de\\\/wp-content\\\/uploads\\\/james-low-2016-web.jpg\",\"contentUrl\":\"https:\\\/\\\/www.wandel-verlag.de\\\/wp-content\\\/uploads\\\/james-low-2016-web.jpg\",\"width\":314,\"height\":231},{\"@type\":\"BreadcrumbList\",\"@id\":\"https:\\\/\\\/www.wandel-verlag.de\\\/de\\\/depth-and-light-james-low-in-berlin-2016\\\/#breadcrumb\",\"itemListElement\":[{\"@type\":\"ListItem\",\"position\":1,\"name\":\"Startseite\",\"item\":\"https:\\\/\\\/www.wandel-verlag.de\\\/en\\\/\"},{\"@type\":\"ListItem\",\"position\":2,\"name\":\"Tiefe und Licht, James Low in Berlin, 2016\"}]},{\"@type\":\"WebSite\",\"@id\":\"https:\\\/\\\/www.wandel-verlag.de\\\/en\\\/#website\",\"url\":\"https:\\\/\\\/www.wandel-verlag.de\\\/en\\\/\",\"name\":\"WANDEL VERLAG berlin\",\"description\":\"edition khordong\",\"publisher\":{\"@id\":\"https:\\\/\\\/www.wandel-verlag.de\\\/en\\\/#organization\"},\"potentialAction\":[{\"@type\":\"SearchAction\",\"target\":{\"@type\":\"EntryPoint\",\"urlTemplate\":\"https:\\\/\\\/www.wandel-verlag.de\\\/en\\\/?s={search_term_string}\"},\"query-input\":{\"@type\":\"PropertyValueSpecification\",\"valueRequired\":true,\"valueName\":\"search_term_string\"}}],\"inLanguage\":\"en-US\"},{\"@type\":\"Organization\",\"@id\":\"https:\\\/\\\/www.wandel-verlag.de\\\/en\\\/#organization\",\"name\":\"edition khordong im Wandel Verlag\",\"url\":\"https:\\\/\\\/www.wandel-verlag.de\\\/en\\\/\",\"logo\":{\"@type\":\"ImageObject\",\"inLanguage\":\"en-US\",\"@id\":\"https:\\\/\\\/www.wandel-verlag.de\\\/en\\\/#\\\/schema\\\/logo\\\/image\\\/\",\"url\":\"https:\\\/\\\/www.wandel-verlag.de\\\/wp-content\\\/uploads\\\/wandelkhordong_logo_150x225-e1604923349635.gif\",\"contentUrl\":\"https:\\\/\\\/www.wandel-verlag.de\\\/wp-content\\\/uploads\\\/wandelkhordong_logo_150x225-e1604923349635.gif\",\"width\":100,\"height\":150,\"caption\":\"edition khordong im Wandel Verlag\"},\"image\":{\"@id\":\"https:\\\/\\\/www.wandel-verlag.de\\\/en\\\/#\\\/schema\\\/logo\\\/image\\\/\"},\"sameAs\":[\"https:\\\/\\\/www.facebook.com\\\/wandel.verlag\"]},{\"@type\":\"Person\",\"@id\":\"https:\\\/\\\/www.wandel-verlag.de\\\/en\\\/#\\\/schema\\\/person\\\/e61d13c05314ae9ce364c5d202bddf4c\",\"name\":\"webmaster\",\"image\":{\"@type\":\"ImageObject\",\"inLanguage\":\"en-US\",\"@id\":\"https:\\\/\\\/secure.gravatar.com\\\/avatar\\\/8b181a83ef1f3d1f6d66b9695ae355d97042db8e0d8b1927b0e9ef0b7bb3e568?s=96&d=mm&r=g\",\"url\":\"https:\\\/\\\/secure.gravatar.com\\\/avatar\\\/8b181a83ef1f3d1f6d66b9695ae355d97042db8e0d8b1927b0e9ef0b7bb3e568?s=96&d=mm&r=g\",\"contentUrl\":\"https:\\\/\\\/secure.gravatar.com\\\/avatar\\\/8b181a83ef1f3d1f6d66b9695ae355d97042db8e0d8b1927b0e9ef0b7bb3e568?s=96&d=mm&r=g\",\"caption\":\"webmaster\"},\"url\":\"https:\\\/\\\/www.wandel-verlag.de\\\/de\\\/author\\\/tsultrim\\\/\"}]}<\/script>\n<!-- \/ Yoast SEO plugin. -->","yoast_head_json":{"title":"Tiefe und Licht, James Low in Berlin, 2016 - WANDEL VERLAG berlin","robots":{"index":"index","follow":"follow","max-snippet":"max-snippet:-1","max-image-preview":"max-image-preview:large","max-video-preview":"max-video-preview:-1"},"canonical":"https:\/\/www.wandel-verlag.de\/de\/depth-and-light-james-low-in-berlin-2016\/","og_locale":"en_US","og_type":"article","og_title":"Tiefe und Licht, James Low in Berlin, 2016 - WANDEL VERLAG berlin","og_description":"(1) 29. Sept 2016. \u00d6ffentlicher Vortrag. James Low hat bereits f\u00fcr 7 Minuten gesprochen, bevor die Filmaufnahmen begannen. \u00dcbersetzung von Kati Yahoual. Berlin, 2016 Beim Einf\u00fchrungsvortrag spricht James Low \u00fcber das Thema \u201cGeist und Selbst \u2013 wie der Buddhismus uns &hellip; Continue reading &rarr;","og_url":"https:\/\/www.wandel-verlag.de\/de\/depth-and-light-james-low-in-berlin-2016\/","og_site_name":"WANDEL VERLAG berlin","article_publisher":"https:\/\/www.facebook.com\/wandel.verlag","article_published_time":"2019-10-10T23:07:11+00:00","article_modified_time":"2024-02-04T13:40:30+00:00","og_image":[{"width":314,"height":231,"url":"https:\/\/www.wandel-verlag.de\/wp-content\/uploads\/james-low-2016-web.jpg","type":"image\/jpeg"}],"author":"webmaster","twitter_card":"summary_large_image","twitter_misc":{"Written by":"webmaster","Est. reading time":"2 minutes"},"schema":{"@context":"https:\/\/schema.org","@graph":[{"@type":"Article","@id":"https:\/\/www.wandel-verlag.de\/de\/depth-and-light-james-low-in-berlin-2016\/#article","isPartOf":{"@id":"https:\/\/www.wandel-verlag.de\/de\/depth-and-light-james-low-in-berlin-2016\/"},"author":{"name":"webmaster","@id":"https:\/\/www.wandel-verlag.de\/en\/#\/schema\/person\/e61d13c05314ae9ce364c5d202bddf4c"},"headline":"Tiefe und Licht, James Low in Berlin, 2016","datePublished":"2019-10-10T23:07:11+00:00","dateModified":"2024-02-04T13:40:30+00:00","mainEntityOfPage":{"@id":"https:\/\/www.wandel-verlag.de\/de\/depth-and-light-james-low-in-berlin-2016\/"},"wordCount":171,"commentCount":0,"publisher":{"@id":"https:\/\/www.wandel-verlag.de\/en\/#organization"},"image":{"@id":"https:\/\/www.wandel-verlag.de\/de\/depth-and-light-james-low-in-berlin-2016\/#primaryimage"},"thumbnailUrl":"https:\/\/www.wandel-verlag.de\/wp-content\/uploads\/james-low-2016-web.jpg","keywords":["Dzogchen"],"articleSection":["James Low","Video &amp; Audio"],"inLanguage":"en-US","potentialAction":[{"@type":"CommentAction","name":"Comment","target":["https:\/\/www.wandel-verlag.de\/de\/depth-and-light-james-low-in-berlin-2016\/#respond"]}]},{"@type":"WebPage","@id":"https:\/\/www.wandel-verlag.de\/de\/depth-and-light-james-low-in-berlin-2016\/","url":"https:\/\/www.wandel-verlag.de\/de\/depth-and-light-james-low-in-berlin-2016\/","name":"Tiefe und Licht, James Low in Berlin, 2016 - WANDEL VERLAG berlin","isPartOf":{"@id":"https:\/\/www.wandel-verlag.de\/en\/#website"},"primaryImageOfPage":{"@id":"https:\/\/www.wandel-verlag.de\/de\/depth-and-light-james-low-in-berlin-2016\/#primaryimage"},"image":{"@id":"https:\/\/www.wandel-verlag.de\/de\/depth-and-light-james-low-in-berlin-2016\/#primaryimage"},"thumbnailUrl":"https:\/\/www.wandel-verlag.de\/wp-content\/uploads\/james-low-2016-web.jpg","datePublished":"2019-10-10T23:07:11+00:00","dateModified":"2024-02-04T13:40:30+00:00","breadcrumb":{"@id":"https:\/\/www.wandel-verlag.de\/de\/depth-and-light-james-low-in-berlin-2016\/#breadcrumb"},"inLanguage":"en-US","potentialAction":[{"@type":"ReadAction","target":["https:\/\/www.wandel-verlag.de\/de\/depth-and-light-james-low-in-berlin-2016\/"]}]},{"@type":"ImageObject","inLanguage":"en-US","@id":"https:\/\/www.wandel-verlag.de\/de\/depth-and-light-james-low-in-berlin-2016\/#primaryimage","url":"https:\/\/www.wandel-verlag.de\/wp-content\/uploads\/james-low-2016-web.jpg","contentUrl":"https:\/\/www.wandel-verlag.de\/wp-content\/uploads\/james-low-2016-web.jpg","width":314,"height":231},{"@type":"BreadcrumbList","@id":"https:\/\/www.wandel-verlag.de\/de\/depth-and-light-james-low-in-berlin-2016\/#breadcrumb","itemListElement":[{"@type":"ListItem","position":1,"name":"Startseite","item":"https:\/\/www.wandel-verlag.de\/en\/"},{"@type":"ListItem","position":2,"name":"Tiefe und Licht, James Low in Berlin, 2016"}]},{"@type":"WebSite","@id":"https:\/\/www.wandel-verlag.de\/en\/#website","url":"https:\/\/www.wandel-verlag.de\/en\/","name":"WANDEL VERLAG berlin","description":"edition khordong","publisher":{"@id":"https:\/\/www.wandel-verlag.de\/en\/#organization"},"potentialAction":[{"@type":"SearchAction","target":{"@type":"EntryPoint","urlTemplate":"https:\/\/www.wandel-verlag.de\/en\/?s={search_term_string}"},"query-input":{"@type":"PropertyValueSpecification","valueRequired":true,"valueName":"search_term_string"}}],"inLanguage":"en-US"},{"@type":"Organization","@id":"https:\/\/www.wandel-verlag.de\/en\/#organization","name":"edition khordong im Wandel Verlag","url":"https:\/\/www.wandel-verlag.de\/en\/","logo":{"@type":"ImageObject","inLanguage":"en-US","@id":"https:\/\/www.wandel-verlag.de\/en\/#\/schema\/logo\/image\/","url":"https:\/\/www.wandel-verlag.de\/wp-content\/uploads\/wandelkhordong_logo_150x225-e1604923349635.gif","contentUrl":"https:\/\/www.wandel-verlag.de\/wp-content\/uploads\/wandelkhordong_logo_150x225-e1604923349635.gif","width":100,"height":150,"caption":"edition khordong im Wandel Verlag"},"image":{"@id":"https:\/\/www.wandel-verlag.de\/en\/#\/schema\/logo\/image\/"},"sameAs":["https:\/\/www.facebook.com\/wandel.verlag"]},{"@type":"Person","@id":"https:\/\/www.wandel-verlag.de\/en\/#\/schema\/person\/e61d13c05314ae9ce364c5d202bddf4c","name":"webmaster","image":{"@type":"ImageObject","inLanguage":"en-US","@id":"https:\/\/secure.gravatar.com\/avatar\/8b181a83ef1f3d1f6d66b9695ae355d97042db8e0d8b1927b0e9ef0b7bb3e568?s=96&d=mm&r=g","url":"https:\/\/secure.gravatar.com\/avatar\/8b181a83ef1f3d1f6d66b9695ae355d97042db8e0d8b1927b0e9ef0b7bb3e568?s=96&d=mm&r=g","contentUrl":"https:\/\/secure.gravatar.com\/avatar\/8b181a83ef1f3d1f6d66b9695ae355d97042db8e0d8b1927b0e9ef0b7bb3e568?s=96&d=mm&r=g","caption":"webmaster"},"url":"https:\/\/www.wandel-verlag.de\/de\/author\/tsultrim\/"}]}},"_links":{"self":[{"href":"https:\/\/www.wandel-verlag.de\/de\/wp-json\/wp\/v2\/posts\/3060","targetHints":{"allow":["GET"]}}],"collection":[{"href":"https:\/\/www.wandel-verlag.de\/de\/wp-json\/wp\/v2\/posts"}],"about":[{"href":"https:\/\/www.wandel-verlag.de\/de\/wp-json\/wp\/v2\/types\/post"}],"author":[{"embeddable":true,"href":"https:\/\/www.wandel-verlag.de\/de\/wp-json\/wp\/v2\/users\/4"}],"replies":[{"embeddable":true,"href":"https:\/\/www.wandel-verlag.de\/de\/wp-json\/wp\/v2\/comments?post=3060"}],"version-history":[{"count":0,"href":"https:\/\/www.wandel-verlag.de\/de\/wp-json\/wp\/v2\/posts\/3060\/revisions"}],"wp:featuredmedia":[{"embeddable":true,"href":"https:\/\/www.wandel-verlag.de\/de\/wp-json\/wp\/v2\/media\/3066"}],"wp:attachment":[{"href":"https:\/\/www.wandel-verlag.de\/de\/wp-json\/wp\/v2\/media?parent=3060"}],"wp:term":[{"taxonomy":"category","embeddable":true,"href":"https:\/\/www.wandel-verlag.de\/de\/wp-json\/wp\/v2\/categories?post=3060"},{"taxonomy":"post_tag","embeddable":true,"href":"https:\/\/www.wandel-verlag.de\/de\/wp-json\/wp\/v2\/tags?post=3060"}],"curies":[{"name":"wp","href":"https:\/\/api.w.org\/{rel}","templated":true}]}}